{"id":1514,"date":"2025-04-09T19:28:24","date_gmt":"2025-04-09T17:28:24","guid":{"rendered":"https:\/\/psychologiedelasante.fr\/?p=1514"},"modified":"2026-02-17T19:26:13","modified_gmt":"2026-02-17T18:26:13","slug":"journee-en-silence","status":"publish","type":"post","link":"https:\/\/psychologiedelasante.fr\/index.php\/2025\/04\/09\/journee-en-silence\/","title":{"rendered":"Journ\u00e9e en silence : m\u00e9ditation de pleine conscience"},"content":{"rendered":"<h2>M\u00e9ditation de pleine conscience : fa\u00eetes vivre votre pratique !<\/h2>\n<p>En pleine nature, au c\u0153ur d&rsquo;Avignon, entretenez votre pratique personnelle de m\u00e9ditation, d\u00e9velopper vos comp\u00e9tences et votre compr\u00e9hension de la pleine conscience dans un cadre soutenant et bienveillant.<br \/>\nPratique intensive de m\u00e9ditation de pleine conscience<br \/>\n&#8211; Journ\u00e9e en silence &#8211; les m\u00e9ditations sont guid\u00e9es<br \/>\n&#8211; <strong>Pas de nouvelle date pour l&rsquo;instant<\/strong><br \/>\n&#8211; Horaires\u00a0: 9h30 \u2013 17h30<br \/>\n&#8211; Tarif\u00a0: 75\u20ac la journ\u00e9e<br \/>\n&#8211; Repas\u00a0: possibilit\u00e9 de commander un repas bio et v\u00e9g\u00e9tarien (17\u20ac) ou d&rsquo;amener son pique-nique<br \/>\n&#8211; Boissons chaudes (th\u00e9, caf\u00e9) sur place<br \/>\n&#8211; Ouverte \u00e0 tous, exp\u00e9rience de la m\u00e9ditation souhait\u00e9e<\/p>\n<p><strong>Ateliers anim\u00e9s par<\/strong> : <a href=\"https:\/\/psychologiedelasante.fr\/index.php\/amandine-bonnet\/\">Amandine BONNET<\/a>, psychologue de la sant\u00e9, psychoth\u00e9rapeute,instructrice des programmes MBSR\/MBCT\/MBCL, formatrice.<\/p>\n<p>Pour plus de renseignements ou toute demande d&rsquo;inscription : <a href=\"tel:+33651048322\">06.51.04.83.22<\/a><\/p>\n","protected":false},"excerpt":{"rendered":"<p>Pas de nouvelle date pr\u00e9vue pour l&rsquo;instant.<\/p>\n","protected":false},"author":2,"featured_media":1515,"comment_status":"closed","ping_status":"closed","sticky":false,"template":"","format":"standard","meta":{"footnotes":""},"categories":[1],"tags":[],"class_list":["post-1514","post","type-post","status-publish","format-standard","has-post-thumbnail","hentry","category-non-classe"],"yoast_head":"<!-- This site is optimized with the Yoast SEO plugin v26.9 - https:\/\/yoast.com\/product\/yoast-seo-wordpress\/ -->\n<title>Journ\u00e9e en silence : m\u00e9ditation de pleine conscience | Amandine BONNET | Psychologue, Psychoth\u00e9rapeute | Montpellier<\/title>\n<meta name=\"description\" content=\"M\u00e9ditation de pleine conscience : journ\u00e9e en silence pour faire vivre votre pratique.\" \/>\n<meta name=\"robots\" content=\"index, follow, max-snippet:-1, max-image-preview:large, max-video-preview:-1\" \/>\n<link rel=\"canonical\" href=\"https:\/\/psychologiedelasante.fr\/index.php\/2025\/04\/09\/journee-en-silence\/\" \/>\n<meta property=\"og:locale\" content=\"fr_FR\" \/>\n<meta property=\"og:type\" content=\"article\" \/>\n<meta property=\"og:title\" content=\"Journ\u00e9e en silence : m\u00e9ditation de pleine conscience | Amandine BONNET | Psychologue, Psychoth\u00e9rapeute | Montpellier\" \/>\n<meta property=\"og:description\" content=\"M\u00e9ditation de pleine conscience : journ\u00e9e en silence pour faire vivre votre pratique.\" \/>\n<meta property=\"og:url\" content=\"https:\/\/psychologiedelasante.fr\/index.php\/2025\/04\/09\/journee-en-silence\/\" \/>\n<meta property=\"og:site_name\" content=\"Amandine BONNET | Psychologue, Psychoth\u00e9rapeute | Montpellier\" \/>\n<meta property=\"article:published_time\" content=\"2025-04-09T17:28:24+00:00\" \/>\n<meta property=\"article:modified_time\" content=\"2026-02-17T18:26:13+00:00\" \/>\n<meta property=\"og:image\" content=\"https:\/\/psychologiedelasante.fr\/wp-content\/uploads\/2021\/12\/bulle3.jpg\" \/>\n\t<meta property=\"og:image:width\" content=\"500\" \/>\n\t<meta property=\"og:image:height\" content=\"333\" \/>\n\t<meta property=\"og:image:type\" content=\"image\/jpeg\" \/>\n<meta name=\"author\" content=\"Amandine BONNET\" \/>\n<meta name=\"twitter:card\" content=\"summary_large_image\" \/>\n<meta name=\"twitter:label1\" content=\"\u00c9crit par\" \/>\n\t<meta name=\"twitter:data1\" content=\"Amandine BONNET\" \/>\n\t<meta name=\"twitter:label2\" content=\"Dur\u00e9e de lecture estim\u00e9e\" \/>\n\t<meta name=\"twitter:data2\" content=\"1 minute\" \/>\n<script type=\"application\/ld+json\" class=\"yoast-schema-graph\">{\"@context\":\"https:\/\/schema.org\",\"@graph\":[{\"@type\":\"Article\",\"@id\":\"https:\/\/psychologiedelasante.fr\/index.php\/2025\/04\/09\/journee-en-silence\/#article\",\"isPartOf\":{\"@id\":\"https:\/\/psychologiedelasante.fr\/index.php\/2025\/04\/09\/journee-en-silence\/\"},\"author\":{\"name\":\"Amandine BONNET\",\"@id\":\"https:\/\/psychologiedelasante.fr\/#\/schema\/person\/b76774b8e80d626e9a11f7124c0e0537\"},\"headline\":\"Journ\u00e9e en silence : m\u00e9ditation de pleine conscience\",\"datePublished\":\"2025-04-09T17:28:24+00:00\",\"dateModified\":\"2026-02-17T18:26:13+00:00\",\"mainEntityOfPage\":{\"@id\":\"https:\/\/psychologiedelasante.fr\/index.php\/2025\/04\/09\/journee-en-silence\/\"},\"wordCount\":149,\"image\":{\"@id\":\"https:\/\/psychologiedelasante.fr\/index.php\/2025\/04\/09\/journee-en-silence\/#primaryimage\"},\"thumbnailUrl\":\"https:\/\/psychologiedelasante.fr\/wp-content\/uploads\/2021\/12\/bulle3.jpg\",\"inLanguage\":\"fr-FR\"},{\"@type\":\"WebPage\",\"@id\":\"https:\/\/psychologiedelasante.fr\/index.php\/2025\/04\/09\/journee-en-silence\/\",\"url\":\"https:\/\/psychologiedelasante.fr\/index.php\/2025\/04\/09\/journee-en-silence\/\",\"name\":\"Journ\u00e9e en silence : m\u00e9ditation de pleine conscience | Amandine BONNET | Psychologue, Psychoth\u00e9rapeute | Montpellier\",\"isPartOf\":{\"@id\":\"https:\/\/psychologiedelasante.fr\/#website\"},\"primaryImageOfPage\":{\"@id\":\"https:\/\/psychologiedelasante.fr\/index.php\/2025\/04\/09\/journee-en-silence\/#primaryimage\"},\"image\":{\"@id\":\"https:\/\/psychologiedelasante.fr\/index.php\/2025\/04\/09\/journee-en-silence\/#primaryimage\"},\"thumbnailUrl\":\"https:\/\/psychologiedelasante.fr\/wp-content\/uploads\/2021\/12\/bulle3.jpg\",\"datePublished\":\"2025-04-09T17:28:24+00:00\",\"dateModified\":\"2026-02-17T18:26:13+00:00\",\"author\":{\"@id\":\"https:\/\/psychologiedelasante.fr\/#\/schema\/person\/b76774b8e80d626e9a11f7124c0e0537\"},\"description\":\"M\u00e9ditation de pleine conscience : journ\u00e9e en silence pour faire vivre votre pratique.\",\"breadcrumb\":{\"@id\":\"https:\/\/psychologiedelasante.fr\/index.php\/2025\/04\/09\/journee-en-silence\/#breadcrumb\"},\"inLanguage\":\"fr-FR\",\"potentialAction\":[{\"@type\":\"ReadAction\",\"target\":[\"https:\/\/psychologiedelasante.fr\/index.php\/2025\/04\/09\/journee-en-silence\/\"]}]},{\"@type\":\"ImageObject\",\"inLanguage\":\"fr-FR\",\"@id\":\"https:\/\/psychologiedelasante.fr\/index.php\/2025\/04\/09\/journee-en-silence\/#primaryimage\",\"url\":\"https:\/\/psychologiedelasante.fr\/wp-content\/uploads\/2021\/12\/bulle3.jpg\",\"contentUrl\":\"https:\/\/psychologiedelasante.fr\/wp-content\/uploads\/2021\/12\/bulle3.jpg\",\"width\":500,\"height\":333},{\"@type\":\"BreadcrumbList\",\"@id\":\"https:\/\/psychologiedelasante.fr\/index.php\/2025\/04\/09\/journee-en-silence\/#breadcrumb\",\"itemListElement\":[{\"@type\":\"ListItem\",\"position\":1,\"name\":\"Accueil\",\"item\":\"https:\/\/psychologiedelasante.fr\/\"},{\"@type\":\"ListItem\",\"position\":2,\"name\":\"Journ\u00e9e en silence : m\u00e9ditation de pleine conscience\"}]},{\"@type\":\"WebSite\",\"@id\":\"https:\/\/psychologiedelasante.fr\/#website\",\"url\":\"https:\/\/psychologiedelasante.fr\/\",\"name\":\"Amandine BONNET, Psychologue, Psychoth\u00e9rapeute, Formatrice\",\"description\":\"\",\"potentialAction\":[{\"@type\":\"SearchAction\",\"target\":{\"@type\":\"EntryPoint\",\"urlTemplate\":\"https:\/\/psychologiedelasante.fr\/?s={search_term_string}\"},\"query-input\":{\"@type\":\"PropertyValueSpecification\",\"valueRequired\":true,\"valueName\":\"search_term_string\"}}],\"inLanguage\":\"fr-FR\"},{\"@type\":\"Person\",\"@id\":\"https:\/\/psychologiedelasante.fr\/#\/schema\/person\/b76774b8e80d626e9a11f7124c0e0537\",\"name\":\"Amandine BONNET\",\"image\":{\"@type\":\"ImageObject\",\"inLanguage\":\"fr-FR\",\"@id\":\"https:\/\/psychologiedelasante.fr\/#\/schema\/person\/image\/\",\"url\":\"https:\/\/secure.gravatar.com\/avatar\/18381ee026e7cf459f83fdbad07acf57399210565fd6c57efca04381d86bbd7d?s=96&d=blank&r=g\",\"contentUrl\":\"https:\/\/secure.gravatar.com\/avatar\/18381ee026e7cf459f83fdbad07acf57399210565fd6c57efca04381d86bbd7d?s=96&d=blank&r=g\",\"caption\":\"Amandine BONNET\"}}]}<\/script>\n<!-- \/ Yoast SEO plugin. -->","yoast_head_json":{"title":"Journ\u00e9e en silence : m\u00e9ditation de pleine conscience | Amandine BONNET | Psychologue, Psychoth\u00e9rapeute | Montpellier","description":"M\u00e9ditation de pleine conscience : journ\u00e9e en silence pour faire vivre votre pratique.","robots":{"index":"index","follow":"follow","max-snippet":"max-snippet:-1","max-image-preview":"max-image-preview:large","max-video-preview":"max-video-preview:-1"},"canonical":"https:\/\/psychologiedelasante.fr\/index.php\/2025\/04\/09\/journee-en-silence\/","og_locale":"fr_FR","og_type":"article","og_title":"Journ\u00e9e en silence : m\u00e9ditation de pleine conscience | Amandine BONNET | Psychologue, Psychoth\u00e9rapeute | Montpellier","og_description":"M\u00e9ditation de pleine conscience : journ\u00e9e en silence pour faire vivre votre pratique.","og_url":"https:\/\/psychologiedelasante.fr\/index.php\/2025\/04\/09\/journee-en-silence\/","og_site_name":"Amandine BONNET | Psychologue, Psychoth\u00e9rapeute | Montpellier","article_published_time":"2025-04-09T17:28:24+00:00","article_modified_time":"2026-02-17T18:26:13+00:00","og_image":[{"width":500,"height":333,"url":"https:\/\/psychologiedelasante.fr\/wp-content\/uploads\/2021\/12\/bulle3.jpg","type":"image\/jpeg"}],"author":"Amandine BONNET","twitter_card":"summary_large_image","twitter_misc":{"\u00c9crit par":"Amandine BONNET","Dur\u00e9e de lecture estim\u00e9e":"1 minute"},"schema":{"@context":"https:\/\/schema.org","@graph":[{"@type":"Article","@id":"https:\/\/psychologiedelasante.fr\/index.php\/2025\/04\/09\/journee-en-silence\/#article","isPartOf":{"@id":"https:\/\/psychologiedelasante.fr\/index.php\/2025\/04\/09\/journee-en-silence\/"},"author":{"name":"Amandine BONNET","@id":"https:\/\/psychologiedelasante.fr\/#\/schema\/person\/b76774b8e80d626e9a11f7124c0e0537"},"headline":"Journ\u00e9e en silence : m\u00e9ditation de pleine conscience","datePublished":"2025-04-09T17:28:24+00:00","dateModified":"2026-02-17T18:26:13+00:00","mainEntityOfPage":{"@id":"https:\/\/psychologiedelasante.fr\/index.php\/2025\/04\/09\/journee-en-silence\/"},"wordCount":149,"image":{"@id":"https:\/\/psychologiedelasante.fr\/index.php\/2025\/04\/09\/journee-en-silence\/#primaryimage"},"thumbnailUrl":"https:\/\/psychologiedelasante.fr\/wp-content\/uploads\/2021\/12\/bulle3.jpg","inLanguage":"fr-FR"},{"@type":"WebPage","@id":"https:\/\/psychologiedelasante.fr\/index.php\/2025\/04\/09\/journee-en-silence\/","url":"https:\/\/psychologiedelasante.fr\/index.php\/2025\/04\/09\/journee-en-silence\/","name":"Journ\u00e9e en silence : m\u00e9ditation de pleine conscience | Amandine BONNET | Psychologue, Psychoth\u00e9rapeute | Montpellier","isPartOf":{"@id":"https:\/\/psychologiedelasante.fr\/#website"},"primaryImageOfPage":{"@id":"https:\/\/psychologiedelasante.fr\/index.php\/2025\/04\/09\/journee-en-silence\/#primaryimage"},"image":{"@id":"https:\/\/psychologiedelasante.fr\/index.php\/2025\/04\/09\/journee-en-silence\/#primaryimage"},"thumbnailUrl":"https:\/\/psychologiedelasante.fr\/wp-content\/uploads\/2021\/12\/bulle3.jpg","datePublished":"2025-04-09T17:28:24+00:00","dateModified":"2026-02-17T18:26:13+00:00","author":{"@id":"https:\/\/psychologiedelasante.fr\/#\/schema\/person\/b76774b8e80d626e9a11f7124c0e0537"},"description":"M\u00e9ditation de pleine conscience : journ\u00e9e en silence pour faire vivre votre pratique.","breadcrumb":{"@id":"https:\/\/psychologiedelasante.fr\/index.php\/2025\/04\/09\/journee-en-silence\/#breadcrumb"},"inLanguage":"fr-FR","potentialAction":[{"@type":"ReadAction","target":["https:\/\/psychologiedelasante.fr\/index.php\/2025\/04\/09\/journee-en-silence\/"]}]},{"@type":"ImageObject","inLanguage":"fr-FR","@id":"https:\/\/psychologiedelasante.fr\/index.php\/2025\/04\/09\/journee-en-silence\/#primaryimage","url":"https:\/\/psychologiedelasante.fr\/wp-content\/uploads\/2021\/12\/bulle3.jpg","contentUrl":"https:\/\/psychologiedelasante.fr\/wp-content\/uploads\/2021\/12\/bulle3.jpg","width":500,"height":333},{"@type":"BreadcrumbList","@id":"https:\/\/psychologiedelasante.fr\/index.php\/2025\/04\/09\/journee-en-silence\/#breadcrumb","itemListElement":[{"@type":"ListItem","position":1,"name":"Accueil","item":"https:\/\/psychologiedelasante.fr\/"},{"@type":"ListItem","position":2,"name":"Journ\u00e9e en silence : m\u00e9ditation de pleine conscience"}]},{"@type":"WebSite","@id":"https:\/\/psychologiedelasante.fr\/#website","url":"https:\/\/psychologiedelasante.fr\/","name":"Amandine BONNET, Psychologue, Psychoth\u00e9rapeute, Formatrice","description":"","potentialAction":[{"@type":"SearchAction","target":{"@type":"EntryPoint","urlTemplate":"https:\/\/psychologiedelasante.fr\/?s={search_term_string}"},"query-input":{"@type":"PropertyValueSpecification","valueRequired":true,"valueName":"search_term_string"}}],"inLanguage":"fr-FR"},{"@type":"Person","@id":"https:\/\/psychologiedelasante.fr\/#\/schema\/person\/b76774b8e80d626e9a11f7124c0e0537","name":"Amandine BONNET","image":{"@type":"ImageObject","inLanguage":"fr-FR","@id":"https:\/\/psychologiedelasante.fr\/#\/schema\/person\/image\/","url":"https:\/\/secure.gravatar.com\/avatar\/18381ee026e7cf459f83fdbad07acf57399210565fd6c57efca04381d86bbd7d?s=96&d=blank&r=g","contentUrl":"https:\/\/secure.gravatar.com\/avatar\/18381ee026e7cf459f83fdbad07acf57399210565fd6c57efca04381d86bbd7d?s=96&d=blank&r=g","caption":"Amandine BONNET"}}]}},"jetpack_featured_media_url":"https:\/\/psychologiedelasante.fr\/wp-content\/uploads\/2021\/12\/bulle3.jpg","_links":{"self":[{"href":"https:\/\/psychologiedelasante.fr\/index.php\/wp-json\/wp\/v2\/posts\/1514","targetHints":{"allow":["GET"]}}],"collection":[{"href":"https:\/\/psychologiedelasante.fr\/index.php\/wp-json\/wp\/v2\/posts"}],"about":[{"href":"https:\/\/psychologiedelasante.fr\/index.php\/wp-json\/wp\/v2\/types\/post"}],"author":[{"embeddable":true,"href":"https:\/\/psychologiedelasante.fr\/index.php\/wp-json\/wp\/v2\/users\/2"}],"replies":[{"embeddable":true,"href":"https:\/\/psychologiedelasante.fr\/index.php\/wp-json\/wp\/v2\/comments?post=1514"}],"version-history":[{"count":12,"href":"https:\/\/psychologiedelasante.fr\/index.php\/wp-json\/wp\/v2\/posts\/1514\/revisions"}],"predecessor-version":[{"id":1603,"href":"https:\/\/psychologiedelasante.fr\/index.php\/wp-json\/wp\/v2\/posts\/1514\/revisions\/1603"}],"wp:featuredmedia":[{"embeddable":true,"href":"https:\/\/psychologiedelasante.fr\/index.php\/wp-json\/wp\/v2\/media\/1515"}],"wp:attachment":[{"href":"https:\/\/psychologiedelasante.fr\/index.php\/wp-json\/wp\/v2\/media?parent=1514"}],"wp:term":[{"taxonomy":"category","embeddable":true,"href":"https:\/\/psychologiedelasante.fr\/index.php\/wp-json\/wp\/v2\/categories?post=1514"},{"taxonomy":"post_tag","embeddable":true,"href":"https:\/\/psychologiedelasante.fr\/index.php\/wp-json\/wp\/v2\/tags?post=1514"}],"curies":[{"name":"wp","href":"https:\/\/api.w.org\/{rel}","templated":true}]}}