{"id":880,"date":"2023-09-04T11:30:20","date_gmt":"2023-09-04T09:30:20","guid":{"rendered":"https:\/\/psychologiedelasante.fr\/?p=880"},"modified":"2026-02-17T19:24:43","modified_gmt":"2026-02-17T18:24:43","slug":"emotions-pleine-conscience","status":"publish","type":"post","link":"https:\/\/psychologiedelasante.fr\/index.php\/2023\/09\/04\/emotions-pleine-conscience\/","title":{"rendered":"Stage exp\u00e9rientiel : Apprivoiser ses \u00e9motions \/ Communiquer avec son enfant int\u00e9rieur"},"content":{"rendered":"<div id=\"pl-880\"  class=\"panel-layout\" ><div id=\"pg-880-0\"  class=\"panel-grid panel-no-style\" ><div id=\"pgc-880-0-0\"  class=\"panel-grid-cell\" ><div id=\"panel-880-0-0-0\" class=\"so-panel widget widget_sow-editor panel-first-child\" data-index=\"0\" ><div class=\"panel-widget-style panel-widget-style-for-880-0-0-0\" ><div\n\t\t\t\n\t\t\tclass=\"so-widget-sow-editor so-widget-sow-editor-base\"\n\t\t\t\n\t\t>\n<div class=\"siteorigin-widget-tinymce textwidget\">\n\t<div id=\"yui_3_16_0_ym19_1_1551195286591_66369\">\n<p align=\"justify\"><span style=\"color: #000000;\"><span style=\"font-family: Verdana, sans-serif;\"><span style=\"font-size: medium;\">La prochaine session de formation <span style=\"color: #652191;\">\"<\/span>Apprivoiser ses \u00e9motions et communiquer avec son enfant int\u00e9rieur\" est programm\u00e9e !<\/span><\/span><\/span><\/p>\n<\/div>\n<p align=\"justify\"><span style=\"color: #000000;\"><span style=\"font-family: Verdana, sans-serif;\">Les \u00e9motions nous accompagnent \u00e0 chaque instant de notre vie, teintant chacune de nos exp\u00e9riences d\u2019une coloration agr\u00e9able ou d\u00e9sagr\u00e9able. Nous pouvons avoir parfois la sensation de ne pas savoir \u00ab g\u00e9rer \u00bb nos \u00e9motions. Or les comp\u00e9tences \u00e9motionnelles s\u2019entra\u00eenent. Nous vous proposons deux jours pour d\u00e9velopper celles-ci. Nous contacterons<br \/>\n\u00e9galement les parts de nous, ou notre \u00ab enfant int\u00e9rieur \u00bb, qui auraient besoin d\u2019\u00eatre accompagn\u00e9s dans ce processus d\u2019apprivoisement de nos \u00e9motions.<\/span><\/span><\/p>\n<p>&nbsp;<\/p>\n<ul>\n<li>\n<p align=\"justify\"><span style=\"color: #000000;\"><span style=\"font-family: Verdana, sans-serif;\"><b>Public<\/b> : Professionnels (Soin, Accompagnement, Th\u00e9rapie, Coaching, Enseignement) \/ Particuliers avec un int\u00e9r\u00eat personnel et familial.<\/span><\/span><\/p>\n<\/li>\n<li>\n<p align=\"justify\"><span style=\"color: #000000;\"><span style=\"font-family: Verdana, sans-serif;\"><b>Date <\/b>: <strong>Pas de nouvelle date pr\u00e9vue pour l'instant<\/strong><\/span><\/span><span style=\"color: #000000;\"><span style=\"font-family: Verdana, sans-serif;\"><br \/>\n<\/span><\/span><\/p>\n<\/li>\n<li>\n<p align=\"justify\"><span style=\"color: #000000;\"><span style=\"font-family: Verdana, sans-serif;\"><b>Lieu<\/b>: Avignon<\/span><\/span><\/p>\n<\/li>\n<li>\n<p align=\"justify\"><span style=\"color: #000000;\"><span style=\"font-family: Verdana, sans-serif;\"><b>Tarif <\/b>: 150 \u20ac (tarif individuel) ; 250 \u20ac (professions lib\u00e9rales) ; 320 \u20ac (professionnels avec convention)<\/span><\/span><\/p>\n<\/li>\n<\/ul>\n<div>Contact :<\/div>\n<div>Amandine BONNET<\/div>\n<div><a href=\"tel:+33651048322\">06.51.04.83.22<\/a><\/div>\n<\/div>\n<\/div><\/div><\/div><div id=\"panel-880-0-0-1\" class=\"so-panel widget widget_lawyer_zone_contact panel-last-child\" data-index=\"1\" >            <section id=\"contact\" class=\"at-widgets acme-contact \">\r\n                <div class=\"contact-form\">\r\n                    <div class=\"container\">\r\n                        <div class=\"row\">\r\n                            <div class='at-widget-title-wrapper'><h3 class=\"widget-title\">Formulaire de contact<\/h3><\/div>                            <div class=\"col-md-12 init-animate zoomIn\">\r\n                                \n<div class=\"wpcf7 no-js\" id=\"wpcf7-f97-o1\" lang=\"fr-FR\" dir=\"ltr\" data-wpcf7-id=\"97\">\n<div class=\"screen-reader-response\"><p role=\"status\" aria-live=\"polite\" aria-atomic=\"true\"><\/p> <ul><\/ul><\/div>\n<form action=\"\/index.php\/wp-json\/wp\/v2\/posts\/880#wpcf7-f97-o1\" method=\"post\" class=\"wpcf7-form init\" aria-label=\"Formulaire de contact\" novalidate=\"novalidate\" data-status=\"init\">\n<fieldset class=\"hidden-fields-container\"><input type=\"hidden\" name=\"_wpcf7\" value=\"97\" \/><input type=\"hidden\" name=\"_wpcf7_version\" value=\"6.1.4\" \/><input type=\"hidden\" name=\"_wpcf7_locale\" value=\"fr_FR\" \/><input type=\"hidden\" name=\"_wpcf7_unit_tag\" value=\"wpcf7-f97-o1\" \/><input type=\"hidden\" name=\"_wpcf7_container_post\" value=\"0\" \/><input type=\"hidden\" name=\"_wpcf7_posted_data_hash\" value=\"\" \/><input type=\"hidden\" name=\"_wpcf7_recaptcha_response\" value=\"\" \/>\n<\/fieldset>\n<p><label> Votre nom (obligatoire)<br \/>\n<span class=\"wpcf7-form-control-wrap\" data-name=\"your-name\"><input size=\"40\" maxlength=\"400\" class=\"wpcf7-form-control wpcf7-text wpcf7-validates-as-required\" aria-required=\"true\" aria-invalid=\"false\" value=\"\" type=\"text\" name=\"your-name\" \/><\/span> <\/label>\n<\/p>\n<p><label> Votre adresse de messagerie (obligatoire)<br \/>\n<span class=\"wpcf7-form-control-wrap\" data-name=\"your-email\"><input size=\"40\" maxlength=\"400\" class=\"wpcf7-form-control wpcf7-email wpcf7-validates-as-required wpcf7-text wpcf7-validates-as-email\" aria-required=\"true\" aria-invalid=\"false\" value=\"\" type=\"email\" name=\"your-email\" \/><\/span> <\/label>\n<\/p>\n<p><label> Objet<br \/>\n<span class=\"wpcf7-form-control-wrap\" data-name=\"your-subject\"><input size=\"40\" maxlength=\"400\" class=\"wpcf7-form-control wpcf7-text\" aria-invalid=\"false\" value=\"\" type=\"text\" name=\"your-subject\" \/><\/span> <\/label>\n<\/p>\n<p><label> Votre message<br \/>\n<span class=\"wpcf7-form-control-wrap\" data-name=\"your-message\"><textarea cols=\"40\" rows=\"10\" maxlength=\"2000\" class=\"wpcf7-form-control wpcf7-textarea\" aria-invalid=\"false\" name=\"your-message\"><\/textarea><\/span> <\/label>\n<\/p>\n<p><span class=\"wpcf7-form-control-wrap\" data-name=\"acceptance-432\"><span class=\"wpcf7-form-control wpcf7-acceptance\"><span class=\"wpcf7-list-item\"><label><input type=\"checkbox\" name=\"acceptance-432\" value=\"1\" aria-invalid=\"false\" \/><span class=\"wpcf7-list-item-label\">En accord avec la RGPD, en soumettant ce formulaire, j'accepte que les informations saisies dans celui-ci soient utilis\u00e9es pour permettre de me recontacter dans le cadre d'une demande d'informations ou l'\u00e9laboration d'un devis. (Obligatoire)<\/span><\/label><\/span><\/span><\/span>\n<\/p>\n<p><input class=\"wpcf7-form-control wpcf7-submit has-spinner\" type=\"submit\" value=\"Envoyer\" \/>\n<\/p><div class=\"wpcf7-response-output\" aria-hidden=\"true\"><\/div>\n<\/form>\n<\/div>\n                            <\/div>\r\n\r\n                        <\/div>\r\n                    <\/div>\r\n                <\/div>\r\n            <\/section>\r\n            <\/div><\/div><\/div><\/div>","protected":false},"excerpt":{"rendered":"<p>Pas de nouvelle date pr\u00e9vue pour l&rsquo;instant.<\/p>\n","protected":false},"author":2,"featured_media":382,"comment_status":"closed","ping_status":"closed","sticky":false,"template":"","format":"standard","meta":{"footnotes":""},"categories":[1],"tags":[],"class_list":["post-880","post","type-post","status-publish","format-standard","has-post-thumbnail","hentry","category-non-classe"],"yoast_head":"<!-- This site is optimized with the Yoast SEO plugin v26.9 - https:\/\/yoast.com\/product\/yoast-seo-wordpress\/ -->\n<title>Stage exp\u00e9rientiel : Apprivoiser ses \u00e9motions \/ Communiquer avec son enfant int\u00e9rieur | Amandine BONNET | Psychologue, Psychoth\u00e9rapeute | Montpellier<\/title>\n<meta name=\"description\" content=\"Apprivoiser ses \u00e9motions et communiquer avec son enfant int\u00e9rieur\" \/>\n<meta name=\"robots\" content=\"index, follow, max-snippet:-1, max-image-preview:large, max-video-preview:-1\" \/>\n<link rel=\"canonical\" href=\"https:\/\/psychologiedelasante.fr\/index.php\/2023\/09\/04\/emotions-pleine-conscience\/\" \/>\n<meta property=\"og:locale\" content=\"fr_FR\" \/>\n<meta property=\"og:type\" content=\"article\" \/>\n<meta property=\"og:title\" content=\"Stage exp\u00e9rientiel : Apprivoiser ses \u00e9motions \/ Communiquer avec son enfant int\u00e9rieur | Amandine BONNET | Psychologue, Psychoth\u00e9rapeute | Montpellier\" \/>\n<meta property=\"og:description\" content=\"Apprivoiser ses \u00e9motions et communiquer avec son enfant int\u00e9rieur\" \/>\n<meta property=\"og:url\" content=\"https:\/\/psychologiedelasante.fr\/index.php\/2023\/09\/04\/emotions-pleine-conscience\/\" \/>\n<meta property=\"og:site_name\" content=\"Amandine BONNET | Psychologue, Psychoth\u00e9rapeute | Montpellier\" \/>\n<meta property=\"article:published_time\" content=\"2023-09-04T09:30:20+00:00\" \/>\n<meta property=\"article:modified_time\" content=\"2026-02-17T18:24:43+00:00\" \/>\n<meta property=\"og:image\" content=\"https:\/\/psychologiedelasante.fr\/wp-content\/uploads\/2018\/08\/equipe.jpeg\" \/>\n\t<meta property=\"og:image:width\" content=\"500\" \/>\n\t<meta property=\"og:image:height\" content=\"334\" \/>\n\t<meta property=\"og:image:type\" content=\"image\/jpeg\" \/>\n<meta name=\"author\" content=\"Amandine BONNET\" \/>\n<meta name=\"twitter:card\" content=\"summary_large_image\" \/>\n<meta name=\"twitter:label1\" content=\"\u00c9crit par\" \/>\n\t<meta name=\"twitter:data1\" content=\"Amandine BONNET\" \/>\n\t<meta name=\"twitter:label2\" content=\"Dur\u00e9e de lecture estim\u00e9e\" \/>\n\t<meta name=\"twitter:data2\" content=\"2 minutes\" \/>\n<script type=\"application\/ld+json\" class=\"yoast-schema-graph\">{\"@context\":\"https:\/\/schema.org\",\"@graph\":[{\"@type\":\"Article\",\"@id\":\"https:\/\/psychologiedelasante.fr\/index.php\/2023\/09\/04\/emotions-pleine-conscience\/#article\",\"isPartOf\":{\"@id\":\"https:\/\/psychologiedelasante.fr\/index.php\/2023\/09\/04\/emotions-pleine-conscience\/\"},\"author\":{\"name\":\"Amandine BONNET\",\"@id\":\"https:\/\/psychologiedelasante.fr\/#\/schema\/person\/b76774b8e80d626e9a11f7124c0e0537\"},\"headline\":\"Stage exp\u00e9rientiel : Apprivoiser ses \u00e9motions \/ Communiquer avec son enfant int\u00e9rieur\",\"datePublished\":\"2023-09-04T09:30:20+00:00\",\"dateModified\":\"2026-02-17T18:24:43+00:00\",\"mainEntityOfPage\":{\"@id\":\"https:\/\/psychologiedelasante.fr\/index.php\/2023\/09\/04\/emotions-pleine-conscience\/\"},\"wordCount\":241,\"image\":{\"@id\":\"https:\/\/psychologiedelasante.fr\/index.php\/2023\/09\/04\/emotions-pleine-conscience\/#primaryimage\"},\"thumbnailUrl\":\"https:\/\/psychologiedelasante.fr\/wp-content\/uploads\/2018\/08\/equipe.jpeg\",\"inLanguage\":\"fr-FR\"},{\"@type\":\"WebPage\",\"@id\":\"https:\/\/psychologiedelasante.fr\/index.php\/2023\/09\/04\/emotions-pleine-conscience\/\",\"url\":\"https:\/\/psychologiedelasante.fr\/index.php\/2023\/09\/04\/emotions-pleine-conscience\/\",\"name\":\"Stage exp\u00e9rientiel : Apprivoiser ses \u00e9motions \/ Communiquer avec son enfant int\u00e9rieur | Amandine BONNET | Psychologue, Psychoth\u00e9rapeute | Montpellier\",\"isPartOf\":{\"@id\":\"https:\/\/psychologiedelasante.fr\/#website\"},\"primaryImageOfPage\":{\"@id\":\"https:\/\/psychologiedelasante.fr\/index.php\/2023\/09\/04\/emotions-pleine-conscience\/#primaryimage\"},\"image\":{\"@id\":\"https:\/\/psychologiedelasante.fr\/index.php\/2023\/09\/04\/emotions-pleine-conscience\/#primaryimage\"},\"thumbnailUrl\":\"https:\/\/psychologiedelasante.fr\/wp-content\/uploads\/2018\/08\/equipe.jpeg\",\"datePublished\":\"2023-09-04T09:30:20+00:00\",\"dateModified\":\"2026-02-17T18:24:43+00:00\",\"author\":{\"@id\":\"https:\/\/psychologiedelasante.fr\/#\/schema\/person\/b76774b8e80d626e9a11f7124c0e0537\"},\"description\":\"Apprivoiser ses \u00e9motions et communiquer avec son enfant int\u00e9rieur\",\"breadcrumb\":{\"@id\":\"https:\/\/psychologiedelasante.fr\/index.php\/2023\/09\/04\/emotions-pleine-conscience\/#breadcrumb\"},\"inLanguage\":\"fr-FR\",\"potentialAction\":[{\"@type\":\"ReadAction\",\"target\":[\"https:\/\/psychologiedelasante.fr\/index.php\/2023\/09\/04\/emotions-pleine-conscience\/\"]}]},{\"@type\":\"ImageObject\",\"inLanguage\":\"fr-FR\",\"@id\":\"https:\/\/psychologiedelasante.fr\/index.php\/2023\/09\/04\/emotions-pleine-conscience\/#primaryimage\",\"url\":\"https:\/\/psychologiedelasante.fr\/wp-content\/uploads\/2018\/08\/equipe.jpeg\",\"contentUrl\":\"https:\/\/psychologiedelasante.fr\/wp-content\/uploads\/2018\/08\/equipe.jpeg\",\"width\":500,\"height\":334},{\"@type\":\"BreadcrumbList\",\"@id\":\"https:\/\/psychologiedelasante.fr\/index.php\/2023\/09\/04\/emotions-pleine-conscience\/#breadcrumb\",\"itemListElement\":[{\"@type\":\"ListItem\",\"position\":1,\"name\":\"Accueil\",\"item\":\"https:\/\/psychologiedelasante.fr\/\"},{\"@type\":\"ListItem\",\"position\":2,\"name\":\"Stage exp\u00e9rientiel : Apprivoiser ses \u00e9motions \/ Communiquer avec son enfant int\u00e9rieur\"}]},{\"@type\":\"WebSite\",\"@id\":\"https:\/\/psychologiedelasante.fr\/#website\",\"url\":\"https:\/\/psychologiedelasante.fr\/\",\"name\":\"Amandine BONNET, Psychologue, Psychoth\u00e9rapeute, Formatrice\",\"description\":\"\",\"potentialAction\":[{\"@type\":\"SearchAction\",\"target\":{\"@type\":\"EntryPoint\",\"urlTemplate\":\"https:\/\/psychologiedelasante.fr\/?s={search_term_string}\"},\"query-input\":{\"@type\":\"PropertyValueSpecification\",\"valueRequired\":true,\"valueName\":\"search_term_string\"}}],\"inLanguage\":\"fr-FR\"},{\"@type\":\"Person\",\"@id\":\"https:\/\/psychologiedelasante.fr\/#\/schema\/person\/b76774b8e80d626e9a11f7124c0e0537\",\"name\":\"Amandine BONNET\",\"image\":{\"@type\":\"ImageObject\",\"inLanguage\":\"fr-FR\",\"@id\":\"https:\/\/psychologiedelasante.fr\/#\/schema\/person\/image\/\",\"url\":\"https:\/\/secure.gravatar.com\/avatar\/18381ee026e7cf459f83fdbad07acf57399210565fd6c57efca04381d86bbd7d?s=96&d=blank&r=g\",\"contentUrl\":\"https:\/\/secure.gravatar.com\/avatar\/18381ee026e7cf459f83fdbad07acf57399210565fd6c57efca04381d86bbd7d?s=96&d=blank&r=g\",\"caption\":\"Amandine BONNET\"}}]}<\/script>\n<!-- \/ Yoast SEO plugin. -->","yoast_head_json":{"title":"Stage exp\u00e9rientiel : Apprivoiser ses \u00e9motions \/ Communiquer avec son enfant int\u00e9rieur | Amandine BONNET | Psychologue, Psychoth\u00e9rapeute | Montpellier","description":"Apprivoiser ses \u00e9motions et communiquer avec son enfant int\u00e9rieur","robots":{"index":"index","follow":"follow","max-snippet":"max-snippet:-1","max-image-preview":"max-image-preview:large","max-video-preview":"max-video-preview:-1"},"canonical":"https:\/\/psychologiedelasante.fr\/index.php\/2023\/09\/04\/emotions-pleine-conscience\/","og_locale":"fr_FR","og_type":"article","og_title":"Stage exp\u00e9rientiel : Apprivoiser ses \u00e9motions \/ Communiquer avec son enfant int\u00e9rieur | Amandine BONNET | Psychologue, Psychoth\u00e9rapeute | Montpellier","og_description":"Apprivoiser ses \u00e9motions et communiquer avec son enfant int\u00e9rieur","og_url":"https:\/\/psychologiedelasante.fr\/index.php\/2023\/09\/04\/emotions-pleine-conscience\/","og_site_name":"Amandine BONNET | Psychologue, Psychoth\u00e9rapeute | Montpellier","article_published_time":"2023-09-04T09:30:20+00:00","article_modified_time":"2026-02-17T18:24:43+00:00","og_image":[{"width":500,"height":334,"url":"https:\/\/psychologiedelasante.fr\/wp-content\/uploads\/2018\/08\/equipe.jpeg","type":"image\/jpeg"}],"author":"Amandine BONNET","twitter_card":"summary_large_image","twitter_misc":{"\u00c9crit par":"Amandine BONNET","Dur\u00e9e de lecture estim\u00e9e":"2 minutes"},"schema":{"@context":"https:\/\/schema.org","@graph":[{"@type":"Article","@id":"https:\/\/psychologiedelasante.fr\/index.php\/2023\/09\/04\/emotions-pleine-conscience\/#article","isPartOf":{"@id":"https:\/\/psychologiedelasante.fr\/index.php\/2023\/09\/04\/emotions-pleine-conscience\/"},"author":{"name":"Amandine BONNET","@id":"https:\/\/psychologiedelasante.fr\/#\/schema\/person\/b76774b8e80d626e9a11f7124c0e0537"},"headline":"Stage exp\u00e9rientiel : Apprivoiser ses \u00e9motions \/ Communiquer avec son enfant int\u00e9rieur","datePublished":"2023-09-04T09:30:20+00:00","dateModified":"2026-02-17T18:24:43+00:00","mainEntityOfPage":{"@id":"https:\/\/psychologiedelasante.fr\/index.php\/2023\/09\/04\/emotions-pleine-conscience\/"},"wordCount":241,"image":{"@id":"https:\/\/psychologiedelasante.fr\/index.php\/2023\/09\/04\/emotions-pleine-conscience\/#primaryimage"},"thumbnailUrl":"https:\/\/psychologiedelasante.fr\/wp-content\/uploads\/2018\/08\/equipe.jpeg","inLanguage":"fr-FR"},{"@type":"WebPage","@id":"https:\/\/psychologiedelasante.fr\/index.php\/2023\/09\/04\/emotions-pleine-conscience\/","url":"https:\/\/psychologiedelasante.fr\/index.php\/2023\/09\/04\/emotions-pleine-conscience\/","name":"Stage exp\u00e9rientiel : Apprivoiser ses \u00e9motions \/ Communiquer avec son enfant int\u00e9rieur | Amandine BONNET | Psychologue, Psychoth\u00e9rapeute | Montpellier","isPartOf":{"@id":"https:\/\/psychologiedelasante.fr\/#website"},"primaryImageOfPage":{"@id":"https:\/\/psychologiedelasante.fr\/index.php\/2023\/09\/04\/emotions-pleine-conscience\/#primaryimage"},"image":{"@id":"https:\/\/psychologiedelasante.fr\/index.php\/2023\/09\/04\/emotions-pleine-conscience\/#primaryimage"},"thumbnailUrl":"https:\/\/psychologiedelasante.fr\/wp-content\/uploads\/2018\/08\/equipe.jpeg","datePublished":"2023-09-04T09:30:20+00:00","dateModified":"2026-02-17T18:24:43+00:00","author":{"@id":"https:\/\/psychologiedelasante.fr\/#\/schema\/person\/b76774b8e80d626e9a11f7124c0e0537"},"description":"Apprivoiser ses \u00e9motions et communiquer avec son enfant int\u00e9rieur","breadcrumb":{"@id":"https:\/\/psychologiedelasante.fr\/index.php\/2023\/09\/04\/emotions-pleine-conscience\/#breadcrumb"},"inLanguage":"fr-FR","potentialAction":[{"@type":"ReadAction","target":["https:\/\/psychologiedelasante.fr\/index.php\/2023\/09\/04\/emotions-pleine-conscience\/"]}]},{"@type":"ImageObject","inLanguage":"fr-FR","@id":"https:\/\/psychologiedelasante.fr\/index.php\/2023\/09\/04\/emotions-pleine-conscience\/#primaryimage","url":"https:\/\/psychologiedelasante.fr\/wp-content\/uploads\/2018\/08\/equipe.jpeg","contentUrl":"https:\/\/psychologiedelasante.fr\/wp-content\/uploads\/2018\/08\/equipe.jpeg","width":500,"height":334},{"@type":"BreadcrumbList","@id":"https:\/\/psychologiedelasante.fr\/index.php\/2023\/09\/04\/emotions-pleine-conscience\/#breadcrumb","itemListElement":[{"@type":"ListItem","position":1,"name":"Accueil","item":"https:\/\/psychologiedelasante.fr\/"},{"@type":"ListItem","position":2,"name":"Stage exp\u00e9rientiel : Apprivoiser ses \u00e9motions \/ Communiquer avec son enfant int\u00e9rieur"}]},{"@type":"WebSite","@id":"https:\/\/psychologiedelasante.fr\/#website","url":"https:\/\/psychologiedelasante.fr\/","name":"Amandine BONNET, Psychologue, Psychoth\u00e9rapeute, Formatrice","description":"","potentialAction":[{"@type":"SearchAction","target":{"@type":"EntryPoint","urlTemplate":"https:\/\/psychologiedelasante.fr\/?s={search_term_string}"},"query-input":{"@type":"PropertyValueSpecification","valueRequired":true,"valueName":"search_term_string"}}],"inLanguage":"fr-FR"},{"@type":"Person","@id":"https:\/\/psychologiedelasante.fr\/#\/schema\/person\/b76774b8e80d626e9a11f7124c0e0537","name":"Amandine BONNET","image":{"@type":"ImageObject","inLanguage":"fr-FR","@id":"https:\/\/psychologiedelasante.fr\/#\/schema\/person\/image\/","url":"https:\/\/secure.gravatar.com\/avatar\/18381ee026e7cf459f83fdbad07acf57399210565fd6c57efca04381d86bbd7d?s=96&d=blank&r=g","contentUrl":"https:\/\/secure.gravatar.com\/avatar\/18381ee026e7cf459f83fdbad07acf57399210565fd6c57efca04381d86bbd7d?s=96&d=blank&r=g","caption":"Amandine BONNET"}}]}},"jetpack_featured_media_url":"https:\/\/psychologiedelasante.fr\/wp-content\/uploads\/2018\/08\/equipe.jpeg","_links":{"self":[{"href":"https:\/\/psychologiedelasante.fr\/index.php\/wp-json\/wp\/v2\/posts\/880","targetHints":{"allow":["GET"]}}],"collection":[{"href":"https:\/\/psychologiedelasante.fr\/index.php\/wp-json\/wp\/v2\/posts"}],"about":[{"href":"https:\/\/psychologiedelasante.fr\/index.php\/wp-json\/wp\/v2\/types\/post"}],"author":[{"embeddable":true,"href":"https:\/\/psychologiedelasante.fr\/index.php\/wp-json\/wp\/v2\/users\/2"}],"replies":[{"embeddable":true,"href":"https:\/\/psychologiedelasante.fr\/index.php\/wp-json\/wp\/v2\/comments?post=880"}],"version-history":[{"count":40,"href":"https:\/\/psychologiedelasante.fr\/index.php\/wp-json\/wp\/v2\/posts\/880\/revisions"}],"predecessor-version":[{"id":1868,"href":"https:\/\/psychologiedelasante.fr\/index.php\/wp-json\/wp\/v2\/posts\/880\/revisions\/1868"}],"wp:featuredmedia":[{"embeddable":true,"href":"https:\/\/psychologiedelasante.fr\/index.php\/wp-json\/wp\/v2\/media\/382"}],"wp:attachment":[{"href":"https:\/\/psychologiedelasante.fr\/index.php\/wp-json\/wp\/v2\/media?parent=880"}],"wp:term":[{"taxonomy":"category","embeddable":true,"href":"https:\/\/psychologiedelasante.fr\/index.php\/wp-json\/wp\/v2\/categories?post=880"},{"taxonomy":"post_tag","embeddable":true,"href":"https:\/\/psychologiedelasante.fr\/index.php\/wp-json\/wp\/v2\/tags?post=880"}],"curies":[{"name":"wp","href":"https:\/\/api.w.org\/{rel}","templated":true}]}}